{"id":18547,"date":"2025-10-28T12:14:12","date_gmt":"2025-10-28T12:14:12","guid":{"rendered":"https:\/\/www.orthograph.com\/orthograph-a-zsolnai-v4-innovation-business-forumon\/"},"modified":"2025-10-28T12:14:38","modified_gmt":"2025-10-28T12:14:38","slug":"orthograph-a-zsolnai-v4-innovation-business-forumon","status":"publish","type":"post","link":"https:\/\/www.orthograph.com\/hu\/orthograph-a-zsolnai-v4-innovation-business-forumon\/","title":{"rendered":"OrthoGraph a zsolnai V4 Innovation Business Forumon"},"content":{"rendered":"<p>[et_pb_section fb_built=&#8221;1&#8243; _builder_version=&#8221;4.27.3&#8243; custom_margin=&#8221;||0px||false|false&#8221; custom_padding=&#8221;||0px||false|false&#8221; global_colors_info=&#8221;{}&#8221;][et_pb_row disabled_on=&#8221;off|off|off&#8221; _builder_version=&#8221;4.27.3&#8243; background_color=&#8221;rgba(0,0,0,0)&#8221; module_alignment=&#8221;center&#8221; custom_margin=&#8221;0px||0px||false|false&#8221; custom_padding=&#8221;0px||0px||false|false&#8221; border_radii=&#8221;on|10px|10px|10px|10px&#8221; global_colors_info=&#8221;{}&#8221;][et_pb_column type=&#8221;4_4&#8243; _builder_version=&#8221;4.16&#8243; custom_padding=&#8221;|||&#8221; global_colors_info=&#8221;{}&#8221; custom_padding__hover=&#8221;|||&#8221;][et_pb_text _builder_version=&#8221;4.27.4&#8243; custom_margin=&#8221;0px||0px||false|false&#8221; custom_padding=&#8221;0px||20px||false|false&#8221; global_colors_info=&#8221;{}&#8221;]<\/p>\n<p>Nagyon k\u00f6sz\u00f6nj\u00fck a megh\u00edv\u00e1st a <strong>V4 Innovation Business Forum<\/strong> rendezv\u00e9nyre, amelyre okt\u00f3ber 8-\u00e1n ker\u00fclt sor a Zsolnai Egyetemen inspir\u00e1l\u00f3 k\u00f6rnyezet\u00e9ben.<\/p>\n<p><\/p>\n<p>WAz esem\u00e9nyen egy kis standdal voltunk jelen, ahol bemutathattuk Operational BIM megold\u00e1sunkat \u00e9s a vadonat\u00faj AI Maintenance rendszer\u00fcnket.<br \/>A szakmai program izgalmas el\u0151ad\u00e1sokkal indult, k\u00f6zt\u00fck Palkovics L\u00e1szl\u00f3, Magyarorsz\u00e1g Mesters\u00e9ges Intelligencia Korm\u00e1nybiztos\u00e1nak keynote-j\u00e1val.<\/p>\n<p><\/p>\n<p>A napot egy kerekasztal-besz\u00e9lget\u00e9s z\u00e1rta, ahol Korbuly \u00c1d\u00e1m, az OrthoGraph CTO \/ alap\u00edt\u00f3ja besz\u00e9lgetett:<\/p>\n<p><\/p>\n<p>Petre Andr\u00e1s (EU-SOLAR, Hungary)<\/p>\n<p><\/p>\n<p>Ms. Miroslava Remen\u00e1rov\u00e1 (Slovak Telekom, Slovakia)<\/p>\n<p><\/p>\n<p>Mr. Jakub Peri\u010dka (dAItable, Slovakia)<\/p>\n<p><\/p>\n<p>A d\u00e9lut\u00e1n sor\u00e1n B2B \u201erapid randi\u201d form\u00e1ban el\u0151re egyeztetett \u00fczleti tal\u00e1lkoz\u00f3kat folytattunk \u2013 eredetileg 7-et tervezt\u00fcnk, de a nagy \u00e9rdekl\u0151d\u00e9s miatt t\u00f6bb spont\u00e1n megbesz\u00e9l\u00e9sre is sor ker\u00fclt, m\u00e9g az esem\u00e9ny hivatalos z\u00e1r\u00e1sa ut\u00e1n is. Nagyon \u00f6r\u00fcl\u00fcnk az \u00e9l\u00e9nk szakmai p\u00e1rbesz\u00e9dnek \u00e9s a potenci\u00e1lis egy\u00fcttm\u0171k\u00f6d\u00e9seknek!<\/p>\n<p><\/p>\n<p>K\u00f6sz\u00f6nj\u00fck a szervez\u0151knek \u00e9s a r\u00e9sztvev\u0151knek az \u00e9rt\u00e9kes szakmai tapasztalatcser\u00e9t!<\/p>\n<p><\/p>\n<p>\u00d6r\u00fcl\u00fcnk, hogy hozz\u00e1j\u00e1rulhattunk a r\u00e9gi\u00f3s innov\u00e1ci\u00f3s egy\u00fcttm\u0171k\u00f6d\u00e9sek er\u0151s\u00edt\u00e9s\u00e9hez.<\/p>\n<p>[\/et_pb_text][\/et_pb_column][\/et_pb_row][\/et_pb_section][et_pb_section fb_built=&#8221;1&#8243; _builder_version=&#8221;4.22.1&#8243; background_color=&#8221;rgba(0,0,0,0)&#8221; use_background_color_gradient=&#8221;on&#8221; background_color_gradient_direction=&#8221;0deg&#8221; background_color_gradient_stops=&#8221;#efefef 40%|#ffffff 40%&#8221; background_color_gradient_start=&#8221;#efefef&#8221; background_color_gradient_start_position=&#8221;40%&#8221; background_color_gradient_end=&#8221;#111221&#8243; background_color_gradient_end_position=&#8221;40%&#8221; background_enable_image=&#8221;off&#8221; custom_margin=&#8221;0px||0px||false|false&#8221; custom_padding=&#8221;0px||0px||false|false&#8221; global_colors_info=&#8221;{}&#8221;][et_pb_row column_structure=&#8221;1_2,1_2&#8243; _builder_version=&#8221;4.27.3&#8243; background_color=&#8221;#FFFFFF&#8221; max_width=&#8221;300px&#8221; module_alignment=&#8221;center&#8221; custom_margin=&#8221;0px||0px||false|false&#8221; custom_padding=&#8221;0px||10px||false|false&#8221; border_radii=&#8221;on|60px|60px|60px|60px&#8221; global_colors_info=&#8221;{}&#8221;][et_pb_column type=&#8221;1_2&#8243; _builder_version=&#8221;4.16&#8243; custom_padding=&#8221;|||&#8221; global_colors_info=&#8221;{}&#8221; custom_padding__hover=&#8221;|||&#8221;][et_pb_image src=&#8221;https:\/\/www.orthograph.com\/wp-content\/uploads\/2024\/11\/OBIMlogo.png&#8221; title_text=&#8221;OBIMlogo&#8221; align=&#8221;center&#8221; _builder_version=&#8221;4.27.3&#8243; _module_preset=&#8221;default&#8221; max_width=&#8221;150px&#8221; custom_margin=&#8221;10px||||false|false&#8221; custom_padding=&#8221;30px|10px|10px|10px|false|false&#8221; global_colors_info=&#8221;{}&#8221;][\/et_pb_image][\/et_pb_column][et_pb_column type=&#8221;1_2&#8243; _builder_version=&#8221;4.16&#8243; custom_padding=&#8221;|||&#8221; global_colors_info=&#8221;{}&#8221; custom_padding__hover=&#8221;|||&#8221;][et_pb_image src=&#8221;https:\/\/www.orthograph.com\/wp-content\/uploads\/2025\/06\/AI_maintenance_dark.png&#8221; title_text=&#8221;AI_maintenance_dark&#8221; _builder_version=&#8221;4.27.4&#8243; _module_preset=&#8221;default&#8221; global_colors_info=&#8221;{}&#8221;][\/et_pb_image][\/et_pb_column][\/et_pb_row][\/et_pb_section][et_pb_section fb_built=&#8221;1&#8243; _builder_version=&#8221;4.22.1&#8243; background_color=&#8221;#111221&#8243; background_enable_image=&#8221;off&#8221; custom_margin=&#8221;0px||0px||false|false&#8221; custom_padding=&#8221;0px||0px||false|false&#8221; global_colors_info=&#8221;{}&#8221;][et_pb_row column_structure=&#8221;1_2,1_2&#8243; _builder_version=&#8221;4.27.4&#8243; _module_preset=&#8221;default&#8221; global_colors_info=&#8221;{}&#8221;][et_pb_column type=&#8221;1_2&#8243; _builder_version=&#8221;4.27.4&#8243; _module_preset=&#8221;default&#8221; global_colors_info=&#8221;{}&#8221;][et_pb_image src=&#8221;https:\/\/www.orthograph.com\/wp-content\/uploads\/2025\/10\/V4-Innovation-roundtable.jpg&#8221; alt=&#8221;V4 Innovation Business Forum kerekasztal&#8221; title_text=&#8221;Kerekasztal \u00c1d\u00e1mmal&#8221; _builder_version=&#8221;4.27.4&#8243; _module_preset=&#8221;default&#8221; global_colors_info=&#8221;{}&#8221;][\/et_pb_image][\/et_pb_column][et_pb_column type=&#8221;1_2&#8243; _builder_version=&#8221;4.27.4&#8243; _module_preset=&#8221;default&#8221; global_colors_info=&#8221;{}&#8221;][et_pb_image src=&#8221;https:\/\/www.orthograph.com\/wp-content\/uploads\/2025\/10\/V4-Innovation-B2B-scaled.jpg&#8221; alt=&#8221;B2B tal\u00e1lkoz\u00f3k Zsoln\u00e1n&#8221; title_text=&#8221;V4 Innovation B2B&#8221; _builder_version=&#8221;4.27.4&#8243; _module_preset=&#8221;default&#8221; global_colors_info=&#8221;{}&#8221;][\/et_pb_image][\/et_pb_column][\/et_pb_row][\/et_pb_section][et_pb_section fb_built=&#8221;1&#8243; _builder_version=&#8221;4.27.3&#8243; background_color=&#8221;#111221&#8243; background_image=&#8221;https:\/\/www.orthograph.com\/wp-content\/uploads\/2021\/05\/bckgrnd_grad_ud.jpg&#8221; background_enable_image=&#8221;off&#8221; background_position=&#8221;bottom_right&#8221; max_height=&#8221;50px&#8221; custom_margin=&#8221;||||false|false&#8221; custom_padding=&#8221;||||false|false&#8221; global_module=&#8221;11088&#8243; global_colors_info=&#8221;{}&#8221;][et_pb_row _builder_version=&#8221;4.16&#8243; global_colors_info=&#8221;{}&#8221;][et_pb_column type=&#8221;4_4&#8243; _builder_version=&#8221;4.16&#8243; global_colors_info=&#8221;{}&#8221;][et_pb_text _builder_version=&#8221;4.16&#8243; global_colors_info=&#8221;{}&#8221;]&nbsp;[\/et_pb_text][\/et_pb_column][\/et_pb_row][\/et_pb_section]<\/p>\n","protected":false},"excerpt":{"rendered":"<p>Nagyon k\u00f6sz\u00f6nj\u00fck a megh\u00edv\u00e1st a V4 Innovation Business Forum rendezv\u00e9nyre, amelyre okt\u00f3ber 8-\u00e1n ker\u00fclt sor a Zsolnai Egyetemen inspir\u00e1l\u00f3 k\u00f6rnyezet\u00e9ben.WAz esem\u00e9nyen egy kis standdal voltunk jelen, ahol bemutathattuk Operational BIM megold\u00e1sunkat \u00e9s a vadonat\u00faj AI Maintenance rendszer\u00fcnket.A szakmai program izgalmas el\u0151ad\u00e1sokkal indult, k\u00f6zt\u00fck Palkovics L\u00e1szl\u00f3, Magyarorsz\u00e1g Mesters\u00e9ges Intelligencia Korm\u00e1nybiztos\u00e1nak keynote-j\u00e1val.A napot egy kerekasztal-besz\u00e9lget\u00e9s z\u00e1rta, ahol [&hellip;]<\/p>\n","protected":false},"author":6,"featured_media":18537,"comment_status":"closed","ping_status":"closed","sticky":false,"template":"","format":"standard","meta":{"_et_pb_use_builder":"on","_et_pb_old_content":"","_et_gb_content_width":"","footnotes":""},"categories":[3],"tags":[21,20],"class_list":["post-18547","post","type-post","status-publish","format-standard","has-post-thumbnail","hentry","category-uncategorized-hu","tag-bim","tag-maintenance-management"],"aioseo_notices":[],"_links":{"self":[{"href":"https:\/\/www.orthograph.com\/hu\/wp-json\/wp\/v2\/posts\/18547","targetHints":{"allow":["GET"]}}],"collection":[{"href":"https:\/\/www.orthograph.com\/hu\/wp-json\/wp\/v2\/posts"}],"about":[{"href":"https:\/\/www.orthograph.com\/hu\/wp-json\/wp\/v2\/types\/post"}],"author":[{"embeddable":true,"href":"https:\/\/www.orthograph.com\/hu\/wp-json\/wp\/v2\/users\/6"}],"replies":[{"embeddable":true,"href":"https:\/\/www.orthograph.com\/hu\/wp-json\/wp\/v2\/comments?post=18547"}],"version-history":[{"count":2,"href":"https:\/\/www.orthograph.com\/hu\/wp-json\/wp\/v2\/posts\/18547\/revisions"}],"predecessor-version":[{"id":18549,"href":"https:\/\/www.orthograph.com\/hu\/wp-json\/wp\/v2\/posts\/18547\/revisions\/18549"}],"wp:featuredmedia":[{"embeddable":true,"href":"https:\/\/www.orthograph.com\/hu\/wp-json\/wp\/v2\/media\/18537"}],"wp:attachment":[{"href":"https:\/\/www.orthograph.com\/hu\/wp-json\/wp\/v2\/media?parent=18547"}],"wp:term":[{"taxonomy":"category","embeddable":true,"href":"https:\/\/www.orthograph.com\/hu\/wp-json\/wp\/v2\/categories?post=18547"},{"taxonomy":"post_tag","embeddable":true,"href":"https:\/\/www.orthograph.com\/hu\/wp-json\/wp\/v2\/tags?post=18547"}],"curies":[{"name":"wp","href":"https:\/\/api.w.org\/{rel}","templated":true}]}}