{"id":17264,"date":"2024-11-18T08:00:00","date_gmt":"2024-11-18T08:00:00","guid":{"rendered":"https:\/\/www.orthograph.com\/adam-korbuly-showcases-orthographs-digital-twin-technology-at-medika-2024\/"},"modified":"2024-12-02T16:27:05","modified_gmt":"2024-12-02T16:27:05","slug":"korbuly-adam-az-orthograph-digitalis-ikertechnologiajaval-a-medika-2024-vasaron","status":"publish","type":"post","link":"https:\/\/www.orthograph.com\/hu\/korbuly-adam-az-orthograph-digitalis-ikertechnologiajaval-a-medika-2024-vasaron\/","title":{"rendered":"Korbuly \u00c1d\u00e1m az OrthoGraph digit\u00e1lis ikertechnol\u00f3gi\u00e1j\u00e1val a Medika 2024 v\u00e1s\u00e1ron"},"content":{"rendered":"<p>[et_pb_section fb_built=&#8221;1&#8243; _builder_version=&#8221;4.27.3&#8243; custom_margin=&#8221;||0px||false|false&#8221; custom_padding=&#8221;||0px||false|false&#8221; global_colors_info=&#8221;{}&#8221;][et_pb_row disabled_on=&#8221;off|off|off&#8221; _builder_version=&#8221;4.27.3&#8243; background_color=&#8221;rgba(0,0,0,0)&#8221; module_alignment=&#8221;center&#8221; custom_margin=&#8221;0px||0px||false|false&#8221; custom_padding=&#8221;0px||0px||false|false&#8221; border_radii=&#8221;on|10px|10px|10px|10px&#8221; global_colors_info=&#8221;{}&#8221;][et_pb_column type=&#8221;4_4&#8243; _builder_version=&#8221;4.16&#8243; custom_padding=&#8221;|||&#8221; global_colors_info=&#8221;{}&#8221; custom_padding__hover=&#8221;|||&#8221;][et_pb_text _builder_version=&#8221;4.27.3&#8243; custom_margin=&#8221;0px||0px||false|false&#8221; custom_padding=&#8221;0px||20px||false|false&#8221; hover_enabled=&#8221;0&#8243; global_colors_info=&#8221;{}&#8221; sticky_enabled=&#8221;0&#8243;]<\/p>\n<p style=\"font-weight: 500; font-size: 120%; line-height: 150%; text-align: left;\">Korbuly \u00c1d\u00e1m, az OrthoGraph CTO-ja \u00e9s alap\u00edt\u00f3ja, r\u00e9szt vett a n\u00e9met, d\u00fcsseldorfi Medika 2024 v\u00e1s\u00e1ron, hogy bemutassa c\u00e9g\u00fcnk leg\u00fajabb fejleszt\u00e9seit a digit\u00e1lis ikertechnol\u00f3gia ter\u00fclet\u00e9n. Miut\u00e1n m\u00e1r sz\u00e1mos sikert \u00e9rt\u00fcnk el k\u00f3rh\u00e1zi \u00fczemeltet\u00e9si alkalmaz\u00e1sokban \u00e9s gy\u00e1rt\u00f3ipari felhaszn\u00e1l\u00e1sokban, \u00fagy d\u00f6nt\u00f6tt\u00fcnk, hogy ezen a ter\u00fcleten er\u0151teljesebben is megjelen\u00fcnk.<\/p>\n<p>[\/et_pb_text][et_pb_image src=&#8221;https:\/\/www.orthograph.com\/wp-content\/uploads\/2024\/12\/Medika20244.jpg&#8221; title_text=&#8221;Medika20244&#8243; align=&#8221;center&#8221; _builder_version=&#8221;4.27.3&#8243; max_width=&#8221;800px&#8221; module_alignment=&#8221;center&#8221; global_colors_info=&#8221;{}&#8221;][\/et_pb_image][\/et_pb_column][\/et_pb_row][\/et_pb_section][et_pb_section fb_built=&#8221;1&#8243; _builder_version=&#8221;4.22.1&#8243; background_color=&#8221;rgba(0,0,0,0)&#8221; use_background_color_gradient=&#8221;on&#8221; background_color_gradient_direction=&#8221;0deg&#8221; background_color_gradient_stops=&#8221;#efefef 40%|#ffffff 40%&#8221; background_color_gradient_start=&#8221;#efefef&#8221; background_color_gradient_start_position=&#8221;40%&#8221; background_color_gradient_end=&#8221;#111221&#8243; background_color_gradient_end_position=&#8221;40%&#8221; background_enable_image=&#8221;off&#8221; custom_margin=&#8221;0px||0px||false|false&#8221; custom_padding=&#8221;0px||0px||false|false&#8221; global_colors_info=&#8221;{}&#8221;][et_pb_row _builder_version=&#8221;4.27.3&#8243; background_color=&#8221;#FFFFFF&#8221; max_width=&#8221;300px&#8221; module_alignment=&#8221;center&#8221; custom_margin=&#8221;0px||0px||false|false&#8221; custom_padding=&#8221;0px||10px||false|false&#8221; border_radii=&#8221;on|60px|60px|60px|60px&#8221; global_colors_info=&#8221;{}&#8221;][et_pb_column type=&#8221;4_4&#8243; _builder_version=&#8221;4.16&#8243; custom_padding=&#8221;|||&#8221; global_colors_info=&#8221;{}&#8221; custom_padding__hover=&#8221;|||&#8221;][et_pb_image src=&#8221;https:\/\/www.orthograph.com\/wp-content\/uploads\/2021\/09\/handedover2.png&#8221; title_text=&#8221;handedover2&#8243; align=&#8221;center&#8221; _builder_version=&#8221;4.27.3&#8243; _module_preset=&#8221;default&#8221; max_width=&#8221;150px&#8221; custom_margin=&#8221;10px||||false|false&#8221; custom_padding=&#8221;30px|10px|10px|10px|false|false&#8221; global_colors_info=&#8221;{}&#8221;][\/et_pb_image][\/et_pb_column][\/et_pb_row][\/et_pb_section][et_pb_section fb_built=&#8221;1&#8243; _builder_version=&#8221;4.22.1&#8243; background_color=&#8221;#efefef&#8221; background_enable_image=&#8221;off&#8221; custom_margin=&#8221;0px||0px||false|false&#8221; custom_padding=&#8221;30px||0px||false|false&#8221; global_colors_info=&#8221;{}&#8221;][et_pb_row column_structure=&#8221;2_3,1_3&#8243; _builder_version=&#8221;4.27.3&#8243; background_color=&#8221;RGBA(255,255,255,0)&#8221; module_alignment=&#8221;center&#8221; custom_margin=&#8221;0px||0px||false|false&#8221; custom_padding=&#8221;40px|10px|50px|15px|false|false&#8221; global_colors_info=&#8221;{}&#8221;][et_pb_column type=&#8221;2_3&#8243; _builder_version=&#8221;4.16&#8243; global_colors_info=&#8221;{}&#8221;][et_pb_text _builder_version=&#8221;4.27.3&#8243; background_color=&#8221;RGBA(255,255,255,0)&#8221; custom_margin=&#8221;0px||0px||false|false&#8221; custom_padding=&#8221;0px||0px||false|false&#8221; hover_enabled=&#8221;0&#8243; global_colors_info=&#8221;{}&#8221; sticky_enabled=&#8221;0&#8243;]<\/p>\n<p style=\"margin: auto;\">Elk\u00f6telezetts\u00e9g\u00fcnket tov\u00e1bb er\u0151s\u00edtette, hogy az OrthoGraph arany\u00e9rmes lett az EIT Health 2024-es verseny\u00e9n egyed\u00fcl\u00e1ll\u00f3 k\u00f3rh\u00e1zi takar\u00edt\u00e1s-kontroll technol\u00f3giai koncepci\u00f3j\u00e1val. Ezek az eredm\u00e9nyek biztos alapot adtak ahhoz, hogy ki\u00e1ll\u00edt\u00e1si megjelen\u00e9s\u00fcnk sikeres legyen.<\/p>\n<p>[\/et_pb_text][et_pb_text _builder_version=&#8221;4.27.3&#8243; background_color=&#8221;RGBA(255,255,255,0)&#8221; custom_margin=&#8221;30px||0px||false|false&#8221; custom_padding=&#8221;0px||0px||false|false&#8221; hover_enabled=&#8221;0&#8243; global_colors_info=&#8221;{}&#8221; sticky_enabled=&#8221;0&#8243;]<\/p>\n<p style=\"margin: auto;\">A v\u00e1s\u00e1ron sz\u00e1mos \u00e9rdekl\u0151d\u0151vel tal\u00e1lkoztunk, akik nagy \u00e9rdekl\u0151d\u00e9st mutattak digit\u00e1lis ikertechnol\u00f3gi\u00e1nk \u00e9s annak \u00e9rt\u00e9kteremt\u0151 k\u00e9pess\u00e9ge ir\u00e1nt. A legfontosabb t\u00e9m\u00e1k, amelyekben megold\u00e1st kerestek, \u00e9s amelyekre mi biztons\u00e1ggal tudunk v\u00e1laszolni, mind a k\u00f3rh\u00e1zi, mind a gy\u00e1rt\u00f3ipari felhaszn\u00e1l\u00e1sban hasonl\u00f3ak voltak. M\u00edg a k\u00f3rh\u00e1zak eset\u00e9ben az ember\u00e9letek biztons\u00e1gosabb kezel\u00e9s\u00e9re f\u00f3kusz\u00e1lunk, addig a gy\u00e1rt\u00f3iparban a gy\u00e1rt\u00e1si stabilit\u00e1s n\u00f6vel\u00e9s\u00e9re k\u00edn\u00e1lunk megold\u00e1sokat.<\/p>\n<p>[\/et_pb_text][\/et_pb_column][et_pb_column type=&#8221;1_3&#8243; _builder_version=&#8221;4.16&#8243; global_colors_info=&#8221;{}&#8221;][et_pb_gallery gallery_ids=&#8221;15268&#8243; posts_number=&#8221;1&#8243; show_pagination=&#8221;off&#8221; _builder_version=&#8221;4.27.3&#8243; _module_preset=&#8221;default&#8221; hover_enabled=&#8221;0&#8243; global_colors_info=&#8221;{}&#8221; show_title_and_caption=&#8221;off&#8221; sticky_enabled=&#8221;0&#8243;][\/et_pb_gallery][\/et_pb_column][\/et_pb_row][\/et_pb_section][et_pb_section fb_built=&#8221;1&#8243; _builder_version=&#8221;4.27.3&#8243; background_color=&#8221;#111221&#8243; background_enable_image=&#8221;off&#8221; custom_margin=&#8221;0px||0px||false|false&#8221; custom_padding=&#8221;30px||0px||false|false&#8221; global_colors_info=&#8221;{}&#8221;][et_pb_row _builder_version=&#8221;4.27.3&#8243; background_color=&#8221;RGBA(255,255,255,0)&#8221; module_alignment=&#8221;center&#8221; custom_margin=&#8221;0px||0px||false|false&#8221; custom_padding=&#8221;10px|10px|20px|15px|false|false&#8221; global_colors_info=&#8221;{}&#8221;][et_pb_column type=&#8221;4_4&#8243; _builder_version=&#8221;4.16&#8243; global_colors_info=&#8221;{}&#8221;][et_pb_text _builder_version=&#8221;4.27.3&#8243; background_color=&#8221;RGBA(255,255,255,0)&#8221; custom_margin=&#8221;30px||20px||false|false&#8221; custom_padding=&#8221;0px||0px||false|false&#8221; hover_enabled=&#8221;0&#8243; global_colors_info=&#8221;{}&#8221; sticky_enabled=&#8221;0&#8243;]<\/p>\n<h2 style=\"margin: auto; color: #efefef;\"><span style=\"font-weight: bold;\">A legizgalmasabb t\u00e9m\u00e1k a k\u00f6vetkez\u0151k voltak:<\/span><\/h2>\n<p>[\/et_pb_text][et_pb_text _builder_version=&#8221;4.27.3&#8243; background_color=&#8221;RGBA(255,255,255,0)&#8221; custom_margin=&#8221;0px||0px|20px|false|false&#8221; custom_padding=&#8221;0px||0px||false|false&#8221; hover_enabled=&#8221;0&#8243; global_colors_info=&#8221;{}&#8221; sticky_enabled=&#8221;0&#8243;]<\/p>\n<ol>\n<li style=\"margin-bottom: 20px; color: #efefef;\"><span style=\"font-weight: 500; font-size: 110%;\">Nem tervezett meghib\u00e1sod\u00e1sok \u00e9s le\u00e1ll\u00e1sok jelent\u0151s ler\u00f6vid\u00edt\u00e9se vagy megel\u0151z\u00e9se.<\/span><\/li>\n<li style=\"margin-bottom: 20px; color: #efefef;\"><span style=\"font-weight: 500; font-size: 110%;\">A teljes ingatlanismeret k\u00f6zponti nyilv\u00e1ntart\u00e1sa \u2013 bele\u00e9rtve a lelt\u00e1rt is \u2013, \u00edgy f\u00fcggetlenedve az alv\u00e1llalkoz\u00f3kn\u00e1l \u00e9s alkalmazottakn\u00e1l t\u00e1rolt tud\u00e1st\u00f3l, ami sajnos ma gyakori probl\u00e9ma.<\/span><\/li>\n<\/ol>\n<p>[\/et_pb_text][\/et_pb_column][\/et_pb_row][\/et_pb_section][et_pb_section fb_built=&#8221;1&#8243; _builder_version=&#8221;4.27.3&#8243; background_color=&#8221;#FFFFFF&#8221; background_enable_image=&#8221;off&#8221; custom_margin=&#8221;0px||0px||false|false&#8221; custom_padding=&#8221;30px||0px||false|false&#8221; global_colors_info=&#8221;{}&#8221;][et_pb_row column_structure=&#8221;1_2,1_2&#8243; _builder_version=&#8221;4.27.3&#8243; background_color=&#8221;RGBA(255,255,255,0)&#8221; module_alignment=&#8221;center&#8221; custom_margin=&#8221;0px||0px||false|false&#8221; custom_padding=&#8221;20px|10px|70px|15px|false|false&#8221; global_colors_info=&#8221;{}&#8221;][et_pb_column type=&#8221;1_2&#8243; _builder_version=&#8221;4.16&#8243; global_colors_info=&#8221;{}&#8221;][et_pb_text _builder_version=&#8221;4.27.3&#8243; background_color=&#8221;RGBA(255,255,255,0)&#8221; custom_margin=&#8221;0px||0px||false|false&#8221; custom_padding=&#8221;0px||0px||false|false&#8221; hover_enabled=&#8221;0&#8243; global_colors_info=&#8221;{}&#8221; sticky_enabled=&#8221;0&#8243;]<\/p>\n<p style=\"margin: auto;\">Mindk\u00e9t esetben az OrthoGraph digit\u00e1lis iker\u00e9nek legfontosabb \u00e9rt\u00e9kei az egyszer\u0171, grafikus berendez\u00e9slelt\u00e1r k\u00e9sz\u00edt\u00e9s\u00e9nek lehet\u0151s\u00e9ge, majd annak naprak\u00e9szen tart\u00e1sa a napi \u00fczemeltet\u00e9si feladatok sor\u00e1n a technikai \u00e9s karbantart\u00f3i \u00e1llom\u00e1ny \u00e1ltal.<\/p>\n<p>[\/et_pb_text][et_pb_text _builder_version=&#8221;4.27.3&#8243; background_color=&#8221;RGBA(255,255,255,0)&#8221; custom_margin=&#8221;30px||0px||false|false&#8221; custom_padding=&#8221;0px||0px||false|false&#8221; hover_enabled=&#8221;0&#8243; global_colors_info=&#8221;{}&#8221; sticky_enabled=&#8221;0&#8243;]<\/p>\n<p style=\"margin: auto;\">\u00c9rdekes volt \u00e1tbesz\u00e9lni, hogy gy\u00e1rt\u00f3ipari l\u00e9tes\u00edtm\u00e9nyek eset\u00e9n a megt\u00e9r\u00fcl\u00e9s nemcsak azonnali, mert a nem tervezett le\u00e1ll\u00e1sok rendk\u00edv\u00fcl k\u00f6lts\u00e9gesek \u00e9s probl\u00e9m\u00e1sak, hanem az\u00e9rt is, mert ha megel\u0151zhet\u0151 a le\u00e1ll\u00e1s \u2013 p\u00e9ld\u00e1ul IoT adatok integr\u00e1l\u00e1s\u00e1val \u2013, akkor a gy\u00e1rt\u00e1s \u00fajraind\u00edt\u00e1s\u00e1nak kock\u00e1zat\u00e1t is jelent\u0151sen cs\u00f6kkenteni tudjuk. Meglep\u0151 volt szembes\u00fclni azzal, hogy nem ritka az olyan gy\u00e1r, ahol az els\u0151re sikeres \u00fajraind\u00edt\u00e1s sikertelens\u00e9g\u00e9nek val\u00f3sz\u00edn\u0171s\u00e9ge 95% vagy ann\u00e1l is magasabb.<\/p>\n<p>[\/et_pb_text][et_pb_text _builder_version=&#8221;4.27.3&#8243; background_color=&#8221;RGBA(255,255,255,0)&#8221; custom_margin=&#8221;30px||0px||false|false&#8221; custom_padding=&#8221;0px||0px||false|false&#8221; hover_enabled=&#8221;0&#8243; global_colors_info=&#8221;{}&#8221; sticky_enabled=&#8221;0&#8243;]<\/p>\n<p style=\"margin: auto;\">Ezekr\u0151l \u00e9s hasonl\u00f3 optimaliz\u00e1ci\u00f3s t\u00e9m\u00e1kr\u00f3l besz\u00e9lgett\u00fcnk a vil\u00e1g sz\u00e1mos r\u00e9sz\u00e9r\u0151l \u00e9rkez\u0151 k\u00f3rh\u00e1zi \u00e9s gy\u00f3gyszeripari gy\u00e1rt\u00f3c\u00e9gek fels\u0151vezet\u0151ivel, ami a v\u00e1s\u00e1r v\u00e9g\u00e9re sz\u00e1mos \u00faj \u00e9s \u00e9rdekes kapcsolatot eredm\u00e9nyezett.<\/p>\n<p>[\/et_pb_text][et_pb_text _builder_version=&#8221;4.27.3&#8243; background_color=&#8221;RGBA(255,255,255,0)&#8221; custom_margin=&#8221;30px||0px||false|false&#8221; custom_padding=&#8221;0px||0px||false|false&#8221; hover_enabled=&#8221;0&#8243; global_colors_info=&#8221;{}&#8221; sticky_enabled=&#8221;0&#8243;]<\/p>\n<p style=\"margin: auto;\">K\u00f6sz\u00f6nj\u00fck a sok l\u00e1togat\u00f3nak a pozit\u00edv visszajelz\u00e9seket, \u00e9s rem\u00e9lj\u00fck, hogy hamarosan t\u00f6bb k\u00f6z\u00f6s projekt is elindul l\u00e1togat\u00f3inkkal.<\/p>\n<p>[\/et_pb_text][\/et_pb_column][et_pb_column type=&#8221;1_2&#8243; _builder_version=&#8221;4.16&#8243; global_colors_info=&#8221;{}&#8221;][et_pb_image src=&#8221;https:\/\/www.orthograph.com\/wp-content\/uploads\/2024\/12\/Medika20245.jpg&#8221; title_text=&#8221;Medika20245&#8243; _builder_version=&#8221;4.27.3&#8243; _module_preset=&#8221;default&#8221; max_width=&#8221;512px&#8221; global_colors_info=&#8221;{}&#8221;][\/et_pb_image][\/et_pb_column][\/et_pb_row][\/et_pb_section][et_pb_section fb_built=&#8221;1&#8243; _builder_version=&#8221;4.27.3&#8243; background_color=&#8221;#111221&#8243; background_image=&#8221;https:\/\/www.orthograph.com\/wp-content\/uploads\/2021\/05\/bckgrnd_grad_ud.jpg&#8221; background_enable_image=&#8221;off&#8221; background_position=&#8221;bottom_right&#8221; max_height=&#8221;50px&#8221; custom_margin=&#8221;||||false|false&#8221; custom_padding=&#8221;||||false|false&#8221; global_colors_info=&#8221;{}&#8221;][et_pb_row _builder_version=&#8221;4.16&#8243; global_colors_info=&#8221;{}&#8221;][et_pb_column type=&#8221;4_4&#8243; _builder_version=&#8221;4.16&#8243; global_colors_info=&#8221;{}&#8221;][et_pb_text _builder_version=&#8221;4.16&#8243; global_colors_info=&#8221;{}&#8221;]&nbsp;[\/et_pb_text][\/et_pb_column][\/et_pb_row][\/et_pb_section]<\/p>\n","protected":false},"excerpt":{"rendered":"<p>Korbuly \u00c1d\u00e1m, az OrthoGraph CTO-ja \u00e9s alap\u00edt\u00f3ja, r\u00e9szt vett a n\u00e9met, d\u00fcsseldorfi Medika 2024 v\u00e1s\u00e1ron, hogy bemutassa c\u00e9g\u00fcnk leg\u00fajabb fejleszt\u00e9seit a digit\u00e1lis ikertechnol\u00f3gia ter\u00fclet\u00e9n. Miut\u00e1n m\u00e1r sz\u00e1mos sikert \u00e9rt\u00fcnk el k\u00f3rh\u00e1zi \u00fczemeltet\u00e9si alkalmaz\u00e1sokban \u00e9s gy\u00e1rt\u00f3ipari felhaszn\u00e1l\u00e1sokban, \u00fagy d\u00f6nt\u00f6tt\u00fcnk, hogy ezen a ter\u00fcleten er\u0151teljesebben is megjelen\u00fcnk.Elk\u00f6telezetts\u00e9g\u00fcnket tov\u00e1bb er\u0151s\u00edtette, hogy az OrthoGraph arany\u00e9rmes lett az EIT Health [&hellip;]<\/p>\n","protected":false},"author":3,"featured_media":17254,"comment_status":"closed","ping_status":"closed","sticky":false,"template":"","format":"standard","meta":{"_et_pb_use_builder":"on","_et_pb_old_content":"","_et_gb_content_width":"","footnotes":""},"categories":[3],"tags":[],"class_list":["post-17264","post","type-post","status-publish","format-standard","has-post-thumbnail","hentry","category-uncategorized-hu"],"aioseo_notices":[],"_links":{"self":[{"href":"https:\/\/www.orthograph.com\/hu\/wp-json\/wp\/v2\/posts\/17264","targetHints":{"allow":["GET"]}}],"collection":[{"href":"https:\/\/www.orthograph.com\/hu\/wp-json\/wp\/v2\/posts"}],"about":[{"href":"https:\/\/www.orthograph.com\/hu\/wp-json\/wp\/v2\/types\/post"}],"author":[{"embeddable":true,"href":"https:\/\/www.orthograph.com\/hu\/wp-json\/wp\/v2\/users\/3"}],"replies":[{"embeddable":true,"href":"https:\/\/www.orthograph.com\/hu\/wp-json\/wp\/v2\/comments?post=17264"}],"version-history":[{"count":0,"href":"https:\/\/www.orthograph.com\/hu\/wp-json\/wp\/v2\/posts\/17264\/revisions"}],"wp:featuredmedia":[{"embeddable":true,"href":"https:\/\/www.orthograph.com\/hu\/wp-json\/wp\/v2\/media\/17254"}],"wp:attachment":[{"href":"https:\/\/www.orthograph.com\/hu\/wp-json\/wp\/v2\/media?parent=17264"}],"wp:term":[{"taxonomy":"category","embeddable":true,"href":"https:\/\/www.orthograph.com\/hu\/wp-json\/wp\/v2\/categories?post=17264"},{"taxonomy":"post_tag","embeddable":true,"href":"https:\/\/www.orthograph.com\/hu\/wp-json\/wp\/v2\/tags?post=17264"}],"curies":[{"name":"wp","href":"https:\/\/api.w.org\/{rel}","templated":true}]}}