{"id":17197,"date":"2024-11-29T15:29:14","date_gmt":"2024-11-29T15:29:14","guid":{"rendered":"https:\/\/www.orthograph.com\/revolutionizing-industrial-operations-and-facility-management-with-operational-bim-insights-from-bim-world-munich-2024\/"},"modified":"2024-11-29T16:29:31","modified_gmt":"2024-11-29T16:29:31","slug":"az-ipari-uzemeltetes-es-letesitmenygazdalkodas-forradalma-az-operational-bim-segitsegevel-elmenyeink-a-bim-world-munchen-2024-rol","status":"publish","type":"post","link":"https:\/\/www.orthograph.com\/hu\/az-ipari-uzemeltetes-es-letesitmenygazdalkodas-forradalma-az-operational-bim-segitsegevel-elmenyeink-a-bim-world-munchen-2024-rol\/","title":{"rendered":"Az ipari \u00fczemeltet\u00e9s \u00e9s l\u00e9tes\u00edtm\u00e9nygazd\u00e1lkod\u00e1s forradalma az Operational BIM seg\u00edts\u00e9g\u00e9vel: \u00c9lm\u00e9nyeink a BIM World M\u00fcnchen 2024-r\u0151l"},"content":{"rendered":"<p>[et_pb_section fb_built=&#8221;1&#8243; _builder_version=&#8221;4.27.3&#8243; custom_margin=&#8221;||0px||false|false&#8221; custom_padding=&#8221;||0px||false|false&#8221; global_colors_info=&#8221;{}&#8221;][et_pb_row disabled_on=&#8221;off|off|off&#8221; _builder_version=&#8221;4.27.3&#8243; background_color=&#8221;rgba(0,0,0,0)&#8221; module_alignment=&#8221;center&#8221; custom_margin=&#8221;0px||0px||false|false&#8221; custom_padding=&#8221;0px||0px||false|false&#8221; border_radii=&#8221;on|10px|10px|10px|10px&#8221; global_colors_info=&#8221;{}&#8221;][et_pb_column type=&#8221;4_4&#8243; _builder_version=&#8221;4.16&#8243; custom_padding=&#8221;|||&#8221; global_colors_info=&#8221;{}&#8221; custom_padding__hover=&#8221;|||&#8221;][et_pb_text _builder_version=&#8221;4.27.3&#8243; custom_margin=&#8221;0px||0px||false|false&#8221; custom_padding=&#8221;0px||20px||false|false&#8221; global_colors_info=&#8221;{}&#8221;]<\/p>\n<p style=\"font-weight: 500; font-size: 120%; line-height: 150%; text-align: left;\">\u00d6r\u00f6mmel osztjuk meg, hogy alap\u00edt\u00f3nk \u00e9s CTO-nk,  <strong>Adam Korbuly<\/strong> a <strong>BIM World M\u00fcnchen<\/strong> ki\u00e1ll\u00edt\u00e1son bemutatta az OrthoGraph \u00fatt\u00f6r\u0151 <strong>Operational BIM<\/strong> koncepci\u00f3j\u00e1t. \u00c1d\u00e1m el\u0151ad\u00e1sa egy kulcsfontoss\u00e1g\u00fa probl\u00e9m\u00e1ra vil\u00e1g\u00edtott r\u00e1 az \u00fczemeltet\u00e9s ter\u00e9n: a hagyom\u00e1nyos BIM korl\u00e1taira.<\/p>\n<p>[\/et_pb_text][et_pb_image src=&#8221;https:\/\/www.orthograph.com\/wp-content\/uploads\/2024\/11\/BimWorldMunich1.jpg&#8221; title_text=&#8221;BimWorldMunich1&#8243; align=&#8221;center&#8221; _builder_version=&#8221;4.27.3&#8243; max_width=&#8221;800px&#8221; module_alignment=&#8221;center&#8221; global_colors_info=&#8221;{}&#8221;][\/et_pb_image][\/et_pb_column][\/et_pb_row][\/et_pb_section][et_pb_section fb_built=&#8221;1&#8243; _builder_version=&#8221;4.22.1&#8243; background_color=&#8221;rgba(0,0,0,0)&#8221; use_background_color_gradient=&#8221;on&#8221; background_color_gradient_direction=&#8221;0deg&#8221; background_color_gradient_stops=&#8221;#efefef 40%|#ffffff 40%&#8221; background_color_gradient_start=&#8221;#efefef&#8221; background_color_gradient_start_position=&#8221;40%&#8221; background_color_gradient_end=&#8221;#111221&#8243; background_color_gradient_end_position=&#8221;40%&#8221; background_enable_image=&#8221;off&#8221; custom_margin=&#8221;0px||0px||false|false&#8221; custom_padding=&#8221;0px||0px||false|false&#8221; global_colors_info=&#8221;{}&#8221;][et_pb_row _builder_version=&#8221;4.27.3&#8243; background_color=&#8221;#FFFFFF&#8221; max_width=&#8221;300px&#8221; module_alignment=&#8221;center&#8221; custom_margin=&#8221;0px||0px||false|false&#8221; custom_padding=&#8221;0px||10px||false|false&#8221; border_radii=&#8221;on|60px|60px|60px|60px&#8221; global_colors_info=&#8221;{}&#8221;][et_pb_column type=&#8221;4_4&#8243; _builder_version=&#8221;4.16&#8243; custom_padding=&#8221;|||&#8221; global_colors_info=&#8221;{}&#8221; custom_padding__hover=&#8221;|||&#8221;][et_pb_image src=&#8221;https:\/\/www.orthograph.com\/wp-content\/uploads\/2024\/11\/OBIMlogo.png&#8221; title_text=&#8221;OBIMlogo&#8221; align=&#8221;center&#8221; _builder_version=&#8221;4.27.3&#8243; _module_preset=&#8221;default&#8221; max_width=&#8221;150px&#8221; custom_margin=&#8221;10px||||false|false&#8221; custom_padding=&#8221;30px|10px|10px|10px|false|false&#8221; global_colors_info=&#8221;{}&#8221;][\/et_pb_image][\/et_pb_column][\/et_pb_row][\/et_pb_section][et_pb_section fb_built=&#8221;1&#8243; _builder_version=&#8221;4.22.1&#8243; background_color=&#8221;#efefef&#8221; background_enable_image=&#8221;off&#8221; custom_margin=&#8221;0px||0px||false|false&#8221; custom_padding=&#8221;30px||0px||false|false&#8221; global_colors_info=&#8221;{}&#8221;][et_pb_row column_structure=&#8221;1_2,1_2&#8243; _builder_version=&#8221;4.27.3&#8243; background_color=&#8221;RGBA(255,255,255,0)&#8221; module_alignment=&#8221;center&#8221; custom_margin=&#8221;0px||0px||false|false&#8221; custom_padding=&#8221;40px|10px|50px|15px|false|false&#8221; global_colors_info=&#8221;{}&#8221;][et_pb_column type=&#8221;1_2&#8243; _builder_version=&#8221;4.16&#8243; global_colors_info=&#8221;{}&#8221;][et_pb_text _builder_version=&#8221;4.27.3&#8243; background_color=&#8221;RGBA(255,255,255,0)&#8221; custom_margin=&#8221;30px||0px||false|false&#8221; custom_padding=&#8221;0px||0px||false|false&#8221; hover_enabled=&#8221;0&#8243; global_colors_info=&#8221;{}&#8221; sticky_enabled=&#8221;0&#8243;]<\/p>\n<h2 style=\"margin: auto;\"><span style=\"font-weight: bold;\">Mi\u00e9rt nem alkalmas a hagyom\u00e1nyos BIM az \u00fczemeltet\u00e9shez?<\/span><\/h2>\n<p style=\"margin-bottom: 10px;\">\u00c1d\u00e1m kiemelte, hogy b\u00e1r a hagyom\u00e1nyos BIM modellek \u00e9rt\u00e9kesek a tervez\u00e9s \u00e9s kivitelez\u00e9s sor\u00e1n, az \u00fczemeltet\u00e9sben gyakran haszn\u00e1lhatatlanok:.<\/p>\n<ul>\n<li style=\"margin-bottom: 10px;\">K\u00f6lts\u00e9gesek,<\/li>\n<li style=\"margin-bottom: 10px;\">Lassan k\u00e9sz\u00fclnek el,<\/li>\n<li style=\"margin-bottom: 10px;\">Neh\u00e9z naprak\u00e9szen tartani \u0151ket, \u00e9s a v\u00e1ltoz\u00e1sok miatt ak\u00e1r napokon vagy heteken bel\u00fcl elavultt\u00e1 v\u00e1lnak.<\/li>\n<\/ul>\n<p>[\/et_pb_text][\/et_pb_column][et_pb_column type=&#8221;1_2&#8243; _builder_version=&#8221;4.16&#8243; global_colors_info=&#8221;{}&#8221;][et_pb_image src=&#8221;https:\/\/www.orthograph.com\/wp-content\/uploads\/2024\/11\/BimWorldMunich3.jpg&#8221; title_text=&#8221;BimWorldMunich3&#8243; _builder_version=&#8221;4.27.3&#8243; _module_preset=&#8221;default&#8221; global_colors_info=&#8221;{}&#8221;][\/et_pb_image][\/et_pb_column][\/et_pb_row][et_pb_row _builder_version=&#8221;4.22.1&#8243; background_color=&#8221;RGBA(255,255,255,0)&#8221; module_alignment=&#8221;center&#8221; custom_margin=&#8221;0px||0px||false|false&#8221; custom_padding=&#8221;10px|10px|50px|15px|false|false&#8221; global_colors_info=&#8221;{}&#8221;][et_pb_column type=&#8221;4_4&#8243; _builder_version=&#8221;4.16&#8243; global_colors_info=&#8221;{}&#8221;][et_pb_text _builder_version=&#8221;4.27.3&#8243; background_color=&#8221;RGBA(255,255,255,0)&#8221; custom_margin=&#8221;30px||0px||false|false&#8221; custom_padding=&#8221;0px||0px||false|false&#8221; global_colors_info=&#8221;{}&#8221;]<\/p>\n<h2 style=\"margin: auto;\"><span style=\"font-weight: bold;\">Az Operational BIM: Egy forradalmi megold\u00e1s<\/span><\/h2>\n<p style=\"margin: auto;\">\u00c1d\u00e1m bemutatta, hogyan hidalja \u00e1t az OrthoGraph Operational BIM koncepci\u00f3ja ezeket a probl\u00e9m\u00e1kat, kifejezetten az \u00fczemeltet\u00e9s ig\u00e9nyeire szabott megold\u00e1st k\u00edn\u00e1lva:<\/p>\n<p>[\/et_pb_text][\/et_pb_column][\/et_pb_row][et_pb_row column_structure=&#8221;1_2,1_2&#8243; _builder_version=&#8221;4.27.3&#8243; background_color=&#8221;RGBA(255,255,255,0)&#8221; module_alignment=&#8221;center&#8221; custom_margin=&#8221;0px||0px||false|false&#8221; custom_padding=&#8221;10px|10px|50px|15px|false|false&#8221; global_colors_info=&#8221;{}&#8221;][et_pb_column type=&#8221;1_2&#8243; _builder_version=&#8221;4.16&#8243; global_colors_info=&#8221;{}&#8221;][et_pb_text _builder_version=&#8221;4.27.3&#8243; background_color=&#8221;RGBA(255,255,255,0)&#8221; custom_margin=&#8221;0px||0px|20px|false|false&#8221; custom_padding=&#8221;0px||0px||false|false&#8221; hover_enabled=&#8221;0&#8243; global_colors_info=&#8221;{}&#8221; sticky_enabled=&#8221;0&#8243;]<\/p>\n<ol>\n<li style=\"margin-bottom: 20px;\"><span style=\"font-weight: bold; font-size: 120%;\">Gyors \u00e9s egyszer\u0171 el\u0151\u00e1ll\u00edt\u00e1s:<\/span><br \/>\nA BIM modell, bele\u00e9rtve a r\u00e9szletes grafikus eszk\u00f6zlelt\u00e1rt, gyorsan \u00e9s hat\u00e9konyan l\u00e9trehozhat\u00f3.<\/li>\n<li style=\"margin-bottom: 20px;\"><span style=\"font-weight: bold; font-size: 120%;\">Helysz\u00edni \u00e9s online el\u00e9rhet\u0151s\u00e9g:<\/span><br \/>\nAz Operational BIM lehet\u0151v\u00e9 teszi a karbantart\u00f3 csapatok sz\u00e1m\u00e1ra, hogy val\u00f3s id\u0151ben hozz\u00e1f\u00e9rjenek az \u00e9p\u00fcletinform\u00e1ci\u00f3khoz a munkav\u00e9gz\u00e9s helysz\u00edn\u00e9n, mik\u00f6zben a d\u00f6nt\u00e9shoz\u00f3k sz\u00e1m\u00e1ra biztos\u00edtja az integr\u00e1ci\u00f3t CAFM, CMMS, BMS \u00e9s egy\u00e9b rendszerekkel.<\/li>\n<li style=\"margin-bottom: 20px;\"><span style=\"font-weight: bold; font-size: 120%;\">Mindig naprak\u00e9sz:<\/span><br \/>\nA karbantart\u00f3 szem\u00e9lyzet k\u00f6zvetlen\u00fcl a helysz\u00ednen \u00e9s az esem\u00e9nyek id\u0151pontj\u00e1ban friss\u00edtheti az \u00e9p\u00fclet \u00e9s az eszk\u00f6z\u00f6k adatait, biztos\u00edtva a BIM modell pontoss\u00e1g\u00e1t \u00e9s megb\u00edzhat\u00f3s\u00e1g\u00e1t.<\/li>\n<\/ol>\n<p>[\/et_pb_text][\/et_pb_column][et_pb_column type=&#8221;1_2&#8243; _builder_version=&#8221;4.16&#8243; global_colors_info=&#8221;{}&#8221;][et_pb_image src=&#8221;https:\/\/www.orthograph.com\/wp-content\/uploads\/2024\/11\/BimWorldMunich2.jpg&#8221; title_text=&#8221;BimWorldMunich2&#8243; _builder_version=&#8221;4.27.3&#8243; _module_preset=&#8221;default&#8221; global_colors_info=&#8221;{}&#8221;][\/et_pb_image][\/et_pb_column][\/et_pb_row][et_pb_row _builder_version=&#8221;4.22.1&#8243; background_color=&#8221;RGBA(255,255,255,0)&#8221; module_alignment=&#8221;center&#8221; custom_margin=&#8221;0px||0px||false|false&#8221; custom_padding=&#8221;10px|10px|50px|15px|false|false&#8221; global_colors_info=&#8221;{}&#8221;][et_pb_column type=&#8221;4_4&#8243; _builder_version=&#8221;4.16&#8243; global_colors_info=&#8221;{}&#8221;][et_pb_text _builder_version=&#8221;4.27.3&#8243; background_color=&#8221;RGBA(255,255,255,0)&#8221; custom_margin=&#8221;30px||0px||false|false&#8221; custom_padding=&#8221;0px||0px||false|false&#8221; global_colors_info=&#8221;{}&#8221;]<\/p>\n<h2 style=\"margin: auto;\"><span style=\"font-weight: bold;\">CAD-szer\u0171 felm\u00e9r\u00e9si \u00e9s lelt\u00e1roz\u00e1si megold\u00e1s<\/span><\/h2>\n<p style=\"margin: auto;\">\u00c1d\u00e1m bemutatta az OrthoGraph egyedi technol\u00f3gi\u00e1j\u00e1t is, amely a CAD-rendszerek precizit\u00e1s\u00e1t \u00f6tv\u00f6zi az egyszer\u0171s\u00e9ggel, minim\u00e1lis k\u00e9pz\u00e9si \u00e9s munkaterhel\u00e9si ig\u00e9nnyel.<\/p>\n<p>[\/et_pb_text][\/et_pb_column][\/et_pb_row][\/et_pb_section][et_pb_section fb_built=&#8221;1&#8243; _builder_version=&#8221;4.22.1&#8243; background_color=&#8221;#111221&#8243; background_enable_image=&#8221;off&#8221; custom_margin=&#8221;0px||0px||false|false&#8221; custom_padding=&#8221;0px||0px||false|false&#8221; global_colors_info=&#8221;{}&#8221;][et_pb_row _builder_version=&#8221;4.27.3&#8243; module_alignment=&#8221;center&#8221; custom_margin=&#8221;0px||0px||false|false&#8221; custom_padding=&#8221;30px||0px||false|false&#8221; global_colors_info=&#8221;{}&#8221;][et_pb_column type=&#8221;4_4&#8243; _builder_version=&#8221;4.16&#8243; custom_padding=&#8221;|||&#8221; global_colors_info=&#8221;{}&#8221; custom_padding__hover=&#8221;|||&#8221;][et_pb_text _builder_version=&#8221;4.27.3&#8243; background_color=&#8221;RGBA(255,255,255,0)&#8221; custom_margin=&#8221;30px||0px||false|false&#8221; custom_padding=&#8221;0px||0px||false|false&#8221; global_colors_info=&#8221;{}&#8221;]<\/p>\n<h2 style=\"margin: auto; color: #efefef;\"><span style=\"font-weight: bold;\">Csatlakozzon a megbesz\u00e9l\u00e9shez!<\/span><\/h2>\n<p style=\"margin: auto; color: #efefef;\">Ez a m\u00e9rf\u00f6ldk\u0151 al\u00e1t\u00e1masztja elk\u00f6telezetts\u00e9g\u00fcnket amellett, hogy a BIM-et hozz\u00e1f\u00e9rhet\u0151v\u00e9 \u00e9s hat\u00e9konny\u00e1 tegy\u00fck az ipari \u00e9s \u00fczemeltet\u00e9si alkalmaz\u00e1sokban. \u00c1d\u00e1m el\u0151ad\u00e1sa inspir\u00e1l\u00f3 besz\u00e9lget\u00e9seket ind\u00edtott el, k\u00fcl\u00f6n\u00f6sen arr\u00f3l, hogyan \u00e9rt\u00fck el ezeket az el\u0151rel\u00e9p\u00e9seket.<\/p>\n<p>[\/et_pb_text][et_pb_text _builder_version=&#8221;4.27.3&#8243; background_color=&#8221;RGBA(255,255,255,0)&#8221; custom_margin=&#8221;50px||0px|20px|false|false&#8221; custom_padding=&#8221;0px||0px||false|false&#8221; hover_enabled=&#8221;0&#8243; global_colors_info=&#8221;{}&#8221; sticky_enabled=&#8221;0&#8243;]<\/p>\n<p style=\"color: #efefef; padding-bottom: 10px; font-weight: bold; font-size: 120%; line-height: 140%;\">Szeretn\u00e9nk meghallgatni az \u00d6n v\u00e9lem\u00e9ny\u00e9t is:<\/p>\n<p><il><\/il><\/p>\n<ul>\n<li style=\"margin-bottom: 20px; color: #efefef;\"><span style=\"font-size: 120%;\">Mik az \u00d6n tapasztalatai a BIM-mel az \u00fczemeltet\u00e9sben?<\/span><\/li>\n<li style=\"margin-bottom: 20px; color: #efefef;\"><span style=\"font-size: 120%;\">Hasonl\u00f3 kih\u00edv\u00e1sokkal tal\u00e1lkozott, vagy m\u00e1sk\u00e9nt l\u00e1tja a dolgokat?<\/span><\/li>\n<\/ul>\n<p>&nbsp;[\/et_pb_text][et_pb_code _builder_version=&#8221;4.27.3&#8243; global_colors_info=&#8221;{}&#8221;]<\/p>\n<div  style=\"margin: auto; width: 100%; padding: 20px; color: #ffffff; background-color: #5e4890; background-image: linear-gradient(to right, #5e4890 , #b75552); font-weight: bold; text-align: center; border-radius: 20px; font-size: 120%; cursor: pointer; line-height: 140%;\"><a href=\"https:\/\/go.oncehub.com\/korbuly\" class=\"linkintextwhite\" style=\"text-decoration: none;\">Ossza meg gondolatait vel\u00fcnk egy 1:1 megbesz\u00e9l\u00e9s keret\u00e9ben! <\/br>L\u00e9pjen kapcsolatba vel\u00fcnk, \u00e9s dolgozzunk egy\u00fctt ezen az izgalmas ter\u00fcleten!<\/a><\/div>\n<p>[\/et_pb_code][et_pb_text _builder_version=&#8221;4.27.3&#8243; background_color=&#8221;RGBA(255,255,255,0)&#8221; custom_margin=&#8221;30px||0px||false|false&#8221; custom_padding=&#8221;0px||0px||false|false&#8221; global_colors_info=&#8221;{}&#8221;]<\/p>\n<p style=\"margin: auto; color: #b75552; text-align: center; font-weight: bold;\">#BIM #OperationalBIM #FacilityManagement #OrthoGraph #Innovation #CAD #Maintenance #CAFM #CMMS #BMS #Surveying #Inventory<\/p>\n<p>[\/et_pb_text][et_pb_text _builder_version=&#8221;4.27.3&#8243; background_color=&#8221;RGBA(255,255,255,0)&#8221; custom_margin=&#8221;30px||0px||false|false&#8221; custom_padding=&#8221;0px||0px||false|false&#8221; global_colors_info=&#8221;{}&#8221;]<\/p>\n<h3 style=\"margin: auto; color: #efefef; text-align: center; font-size: 130%; line-height: 160%; font-weight: bold;\">Ismerje meg, hogyan alak\u00edthatja \u00e1t az \u00fczemeltet\u00e9si folyamatait az OrthoGraph seg\u00edts\u00e9g\u00e9vel!<\/h3>\n<p>[\/et_pb_text][et_pb_image src=&#8221;https:\/\/www.orthograph.com\/wp-content\/uploads\/2024\/11\/BimWorldMunich4.jpg&#8221; title_text=&#8221;BimWorldMunich4&#8243; align=&#8221;center&#8221; _builder_version=&#8221;4.27.3&#8243; _module_preset=&#8221;default&#8221; max_width=&#8221;800px&#8221; custom_padding=&#8221;20px||||false|false&#8221; global_colors_info=&#8221;{}&#8221;][\/et_pb_image][\/et_pb_column][\/et_pb_row][\/et_pb_section][et_pb_section fb_built=&#8221;1&#8243; _builder_version=&#8221;4.27.3&#8243; background_color=&#8221;#111221&#8243; background_image=&#8221;https:\/\/www.orthograph.com\/wp-content\/uploads\/2021\/05\/bckgrnd_grad_ud.jpg&#8221; background_enable_image=&#8221;off&#8221; background_position=&#8221;bottom_right&#8221; max_height=&#8221;50px&#8221; custom_margin=&#8221;||||false|false&#8221; custom_padding=&#8221;||||false|false&#8221; global_colors_info=&#8221;{}&#8221;][et_pb_row _builder_version=&#8221;4.16&#8243; global_colors_info=&#8221;{}&#8221;][et_pb_column type=&#8221;4_4&#8243; _builder_version=&#8221;4.16&#8243; global_colors_info=&#8221;{}&#8221;][et_pb_text _builder_version=&#8221;4.16&#8243; global_colors_info=&#8221;{}&#8221;]&nbsp;[\/et_pb_text][\/et_pb_column][\/et_pb_row][\/et_pb_section]<\/p>\n","protected":false},"excerpt":{"rendered":"<p>\u00d6r\u00f6mmel osztjuk meg, hogy alap\u00edt\u00f3nk \u00e9s CTO-nk, Adam Korbuly a BIM World M\u00fcnchen ki\u00e1ll\u00edt\u00e1son bemutatta az OrthoGraph \u00fatt\u00f6r\u0151 Operational BIM koncepci\u00f3j\u00e1t. \u00c1d\u00e1m el\u0151ad\u00e1sa egy kulcsfontoss\u00e1g\u00fa probl\u00e9m\u00e1ra vil\u00e1g\u00edtott r\u00e1 az \u00fczemeltet\u00e9s ter\u00e9n: a hagyom\u00e1nyos BIM korl\u00e1taira.Mi\u00e9rt nem alkalmas a hagyom\u00e1nyos BIM az \u00fczemeltet\u00e9shez? \u00c1d\u00e1m kiemelte, hogy b\u00e1r a hagyom\u00e1nyos BIM modellek \u00e9rt\u00e9kesek a tervez\u00e9s \u00e9s kivitelez\u00e9s [&hellip;]<\/p>\n","protected":false},"author":3,"featured_media":17149,"comment_status":"closed","ping_status":"closed","sticky":false,"template":"","format":"standard","meta":{"_et_pb_use_builder":"on","_et_pb_old_content":"","_et_gb_content_width":"","footnotes":""},"categories":[3],"tags":[],"class_list":["post-17197","post","type-post","status-publish","format-standard","has-post-thumbnail","hentry","category-uncategorized-hu"],"aioseo_notices":[],"_links":{"self":[{"href":"https:\/\/www.orthograph.com\/hu\/wp-json\/wp\/v2\/posts\/17197","targetHints":{"allow":["GET"]}}],"collection":[{"href":"https:\/\/www.orthograph.com\/hu\/wp-json\/wp\/v2\/posts"}],"about":[{"href":"https:\/\/www.orthograph.com\/hu\/wp-json\/wp\/v2\/types\/post"}],"author":[{"embeddable":true,"href":"https:\/\/www.orthograph.com\/hu\/wp-json\/wp\/v2\/users\/3"}],"replies":[{"embeddable":true,"href":"https:\/\/www.orthograph.com\/hu\/wp-json\/wp\/v2\/comments?post=17197"}],"version-history":[{"count":0,"href":"https:\/\/www.orthograph.com\/hu\/wp-json\/wp\/v2\/posts\/17197\/revisions"}],"wp:featuredmedia":[{"embeddable":true,"href":"https:\/\/www.orthograph.com\/hu\/wp-json\/wp\/v2\/media\/17149"}],"wp:attachment":[{"href":"https:\/\/www.orthograph.com\/hu\/wp-json\/wp\/v2\/media?parent=17197"}],"wp:term":[{"taxonomy":"category","embeddable":true,"href":"https:\/\/www.orthograph.com\/hu\/wp-json\/wp\/v2\/categories?post=17197"},{"taxonomy":"post_tag","embeddable":true,"href":"https:\/\/www.orthograph.com\/hu\/wp-json\/wp\/v2\/tags?post=17197"}],"curies":[{"name":"wp","href":"https:\/\/api.w.org\/{rel}","templated":true}]}}